{"id":2197,"date":"2022-01-12T20:39:09","date_gmt":"2022-01-12T20:39:09","guid":{"rendered":"http:\/\/www.llosayasociados.com.mx\/blog\/?p=2197"},"modified":"2022-01-12T22:22:39","modified_gmt":"2022-01-12T22:22:39","slug":"negocios-internacionales","status":"publish","type":"post","link":"https:\/\/www.llosayasociados.com.mx\/blog\/2022\/01\/12\/negocios-internacionales\/","title":{"rendered":"Negocios internacionales"},"content":{"rendered":"\n<p>Nuestro compa\u00f1ero y vocal Jos\u00e9 Luis Cembrano&nbsp;Reder, nos explica cu\u00e1les han sido en su opini\u00f3n las dos sentencias m\u00e1s importantes dictadas en Derecho de Familia a lo largo de 2021:<\/p>\n\n\n\n<p><a href=\"https:\/\/www.aeafa.es\/articulos-ampliados.php?id=2330&amp;b1=STS%203299\/2021&amp;b2=&amp;b3=&amp;b4=&amp;b5=&amp;s=&amp;c=&amp;_pagi_pg=\">Sentencia sobre la audiencia de los menores: ROJ: STS 3299\/2021 \u2013 ECLI:ES:TS:2021:3299.<\/a><\/p>\n\n\n\n<p>Vulneraci\u00f3n de la doctrina:&nbsp;&nbsp;<em>\u00abNi se ha o\u00eddo a los menores ni se ha resuelto de forma motivada sobre su audiencia\u00bb.<\/em>&nbsp;Es cierto&nbsp;que ninguna de las partes solicit\u00f3 escuchar a las ni\u00f1as ni&nbsp;en primera ni en segunda instancia, pero eso no quiere decir que no hubiera que hacerlo.&nbsp;Tampoco se motiv\u00f3 esta actuaci\u00f3n, ni se adujo falta de madurez o por resultar inconveniente para el propio inter\u00e9s del menor.<br><br><\/p>\n\n\n\n<p>Respuesta del Supremo:&nbsp;Estima la casaci\u00f3n, anula la sentencia y retrotrae las actuaciones al momento anterior al dictado de la sentencia para que las menores sean o\u00eddas y escuchadas sobre su custodia.<br><br><\/p>\n\n\n\n<p>Nota de Jos\u00e9 Luis Cembrano:&nbsp; La vigilancia en extremo de la&nbsp;audiencia de los menores&nbsp;requiere medios y que los procesos sean r\u00e1pidos, cosa que no sucede en absoluto, y no parece que esta cuesti\u00f3n se est\u00e9 solventando sino al contrario.<a href=\"https:\/\/www.aeafa.es\/articulos-ampliados.php?id=2320&amp;b1=589\/2021&amp;b2=&amp;b3=&amp;b4=&amp;b5=&amp;s=&amp;c=&amp;_pagi_pg=\">Sentencia sobre el cambio de paradigma en el concepto de la \u201cpersona con discapacidad\u201d, a ra\u00edz de la Ley 8\/2021 de apoyo a las personas con discapacidad, dictada por el Pleno, Roj: STS 3276\/2021 \u2013 ECLI:ES:TS:2021:3276.<\/a><\/p>\n","protected":false},"excerpt":{"rendered":"<p>Nuestro compa\u00f1ero y vocal Jos\u00e9 Luis Cembrano&nbsp;Reder, nos explica cu\u00e1les han sido en su opini\u00f3n las dos sentencias m\u00e1s importantes dictadas en Derecho de Familia a lo largo de 2021:&hellip;<\/p>\n","protected":false},"author":1,"featured_media":2180,"comment_status":"closed","ping_status":"closed","sticky":false,"template":"","format":"standard","meta":{"footnotes":""},"categories":[17],"tags":[],"powerkit_post_featured":[],"_links":{"self":[{"href":"https:\/\/www.llosayasociados.com.mx\/blog\/wp-json\/wp\/v2\/posts\/2197"}],"collection":[{"href":"https:\/\/www.llosayasociados.com.mx\/blog\/wp-json\/wp\/v2\/posts"}],"about":[{"href":"https:\/\/www.llosayasociados.com.mx\/blog\/wp-json\/wp\/v2\/types\/post"}],"author":[{"embeddable":true,"href":"https:\/\/www.llosayasociados.com.mx\/blog\/wp-json\/wp\/v2\/users\/1"}],"replies":[{"embeddable":true,"href":"https:\/\/www.llosayasociados.com.mx\/blog\/wp-json\/wp\/v2\/comments?post=2197"}],"version-history":[{"count":1,"href":"https:\/\/www.llosayasociados.com.mx\/blog\/wp-json\/wp\/v2\/posts\/2197\/revisions"}],"predecessor-version":[{"id":2198,"href":"https:\/\/www.llosayasociados.com.mx\/blog\/wp-json\/wp\/v2\/posts\/2197\/revisions\/2198"}],"wp:featuredmedia":[{"embeddable":true,"href":"https:\/\/www.llosayasociados.com.mx\/blog\/wp-json\/wp\/v2\/media\/2180"}],"wp:attachment":[{"href":"https:\/\/www.llosayasociados.com.mx\/blog\/wp-json\/wp\/v2\/media?parent=2197"}],"wp:term":[{"taxonomy":"category","embeddable":true,"href":"https:\/\/www.llosayasociados.com.mx\/blog\/wp-json\/wp\/v2\/categories?post=2197"},{"taxonomy":"post_tag","embeddable":true,"href":"https:\/\/www.llosayasociados.com.mx\/blog\/wp-json\/wp\/v2\/tags?post=2197"},{"taxonomy":"powerkit_post_featured","embeddable":true,"href":"https:\/\/www.llosayasociados.com.mx\/blog\/wp-json\/wp\/v2\/powerkit_post_featured?post=2197"}],"curies":[{"name":"wp","href":"https:\/\/api.w.org\/{rel}","templated":true}]}}